{"id":3921,"date":"2015-01-21T20:55:00","date_gmt":"2015-01-21T22:55:00","guid":{"rendered":"http:\/\/jurjotorres.com\/?p=3921"},"modified":"2015-01-21T20:55:00","modified_gmt":"2015-01-21T22:55:00","slug":"themba-educar-para-empoderar","status":"publish","type":"post","link":"https:\/\/jurjotorres.com\/?p=3921","title":{"rendered":"\u00a1THEMBA! Educar para empoderar"},"content":{"rendered":"<h2 style=\"text-align: center;\"><span style=\"color: #008000;\">\u00a1THEMBA! Educar para empoderar<\/span><\/h2>\n<p style=\"text-align: justify;\"><span style=\"color: #ffffff;\">.<\/span><\/p>\n<h3 style=\"text-align: right;\"><span style=\"color: #0000ff;\">Jurjo Torres Santom\u00e9<\/span><\/h3>\n<p style=\"text-align: right;\"><strong><span class=\"pe\">Cuadernos de Pedagog\u00eda<\/span><\/strong>, N\u00ba 452, Enero 2015, p\u00e1g. 8<\/p>\n<p style=\"text-align: justify;\"><span style=\"color: #ffffff;\">.<\/span><\/p>\n<p style=\"text-align: justify;\">En tiempos en los que el mercantilismo y la cultura del emprendimiento individualista se intentan consolidar como el sentido com\u00fan hegem\u00f3nico, los poderes dominantes tratan de instrumentalizar el sistema educativo en esa direcci\u00f3n. Toda una aut\u00e9ntica bater\u00eda de medidas de la LOMCE son comprensibles con este tel\u00f3n de fondo. Tanto en los contenidos impuestos como obligatorios como en las evaluaciones externas de vigilancia de ortodoxias es visible el intento de conformar imaginarios sociales compartidos de un fuerte individualismo. Esto implica olvidar los \u00e9xitos conquistados como sociedad hasta el presente, cuando nos pens\u00e1bamos como interdependientes.<\/p>\n<p style=\"text-align: justify;\">Obsesionarse con los diagn\u00f3sticos sobre el sistema educativo y las evaluaciones externas del Ministerio \u00fanicamente con las asignaturas que consideran PIRLS y TIMSS en Primaria y PISA en la ESO lleva a etiquetar como importantes solo esas dimensiones cuyo rendimiento se visibiliza: Lectura, Matem\u00e1ticas, Ciencias experimentales y Educaci\u00f3n financiera. Focos que relegan, cuando menos a secundarias, la formaci\u00f3n en ciencias sociales, humanidades y artes.<\/p>\n<p style=\"text-align: justify;\">Es en estos \u00faltimos \u00e1mbitos formativos en los que las personas aprendemos a situarnos en la historia como proyecto inacabado y, por tanto, mejorable; a revisitar nuestro pasado para realizar aprendizajes que nos sirvan para entender y tomar el control democr\u00e1tico de nuestro presente como colectividad. La historia, filosof\u00eda, geograf\u00eca, literatura, m\u00fasica, pintura, escultura, fotograf\u00eda, cine, etc. nos proporcionan aprendizajes imprescindibles, tambi\u00e9n, para encauzar la direcci\u00f3n de los aprendizajes cient\u00edficos y matem\u00e1ticos. De lo contrario el futuro nos puede coger, de improviso, con direcciones injustas e inadecuadas sobre esos saberes.<\/p>\n<p style=\"text-align: justify;\">No debemos ignorar que el neoliberalismo contribuye a destruir las tradiciones culturales, saberes y aprendizajes que nos muestran como seres que nos necesitamos unos a otros; a cercenar nuestra capacidad de imaginar. Busca individualizarnos de tal manera que todo aparezca imposible de alterar, como algo l\u00f3gico, dentro de lo il\u00f3gico que es asumir el fin de la historia. Por el contrario, una educaci\u00f3n integral, conlleva docentes y estudiantes que viven apasionadamente su compromiso en la construcci\u00f3n de otro mundo mejor, que hacen suya la palabra zul\u00fa, THEMBA, \u00abesperanza\u00bb, o el lema,\u00a0<i>There Must Be An Alternative<\/i>, frente al discurso neoliberal encriptado en TINA,\u00a0<i>There Is No Alternative<\/i>, que popularizara Margaret Thatcher.<\/p>\n<p style=\"text-align: justify;\"><span style=\"color: #ffffff;\">.<\/span><\/p>\n<p style=\"text-align: justify;\"><img loading=\"lazy\" decoding=\"async\" class=\"aligncenter size-full wp-image-3926\" src=\"http:\/\/jurjotorres.com\/wp-content\/uploads\/2015\/01\/Jean-H\u00e9lion.jpg\" alt=\"Jean  H\u00e9lion\" width=\"553\" height=\"404\" srcset=\"https:\/\/jurjotorres.com\/wp-content\/uploads\/2015\/01\/Jean-H\u00e9lion.jpg 553w, https:\/\/jurjotorres.com\/wp-content\/uploads\/2015\/01\/Jean-H\u00e9lion-300x219.jpg 300w\" sizes=\"auto, (max-width: 553px) 100vw, 553px\" \/><\/p>\n<p style=\"text-align: justify;\"><span style=\"color: #ffffff;\">.<\/span><\/p>\n","protected":false},"excerpt":{"rendered":"<p>\u00a1THEMBA! Educar para empoderar . Jurjo Torres Santom\u00e9 Cuadernos de Pedagog\u00eda, N\u00ba 452, Enero 2015, p\u00e1g. 8 . En tiempos en los que el mercantilismo y la cultura del emprendimiento individualista se intentan consolidar como el sentido com\u00fan hegem\u00f3nico, los poderes dominantes tratan de instrumentalizar el sistema educativo en esa direcci\u00f3n. Toda una aut\u00e9ntica bater\u00eda [&hellip;]<\/p>\n","protected":false},"author":1,"featured_media":0,"comment_status":"open","ping_status":"open","sticky":false,"template":"","format":"standard","meta":{"footnotes":""},"categories":[6],"tags":[156,63,54],"class_list":["post-3921","post","type-post","status-publish","format-standard","hentry","category-educacion","tag-evaluaciones-externas","tag-neoliberalismo-y-educacion","tag-reformas-educativas"],"_links":{"self":[{"href":"https:\/\/jurjotorres.com\/index.php?rest_route=\/wp\/v2\/posts\/3921","targetHints":{"allow":["GET"]}}],"collection":[{"href":"https:\/\/jurjotorres.com\/index.php?rest_route=\/wp\/v2\/posts"}],"about":[{"href":"https:\/\/jurjotorres.com\/index.php?rest_route=\/wp\/v2\/types\/post"}],"author":[{"embeddable":true,"href":"https:\/\/jurjotorres.com\/index.php?rest_route=\/wp\/v2\/users\/1"}],"replies":[{"embeddable":true,"href":"https:\/\/jurjotorres.com\/index.php?rest_route=%2Fwp%2Fv2%2Fcomments&post=3921"}],"version-history":[{"count":6,"href":"https:\/\/jurjotorres.com\/index.php?rest_route=\/wp\/v2\/posts\/3921\/revisions"}],"predecessor-version":[{"id":3928,"href":"https:\/\/jurjotorres.com\/index.php?rest_route=\/wp\/v2\/posts\/3921\/revisions\/3928"}],"wp:attachment":[{"href":"https:\/\/jurjotorres.com\/index.php?rest_route=%2Fwp%2Fv2%2Fmedia&parent=3921"}],"wp:term":[{"taxonomy":"category","embeddable":true,"href":"https:\/\/jurjotorres.com\/index.php?rest_route=%2Fwp%2Fv2%2Fcategories&post=3921"},{"taxonomy":"post_tag","embeddable":true,"href":"https:\/\/jurjotorres.com\/index.php?rest_route=%2Fwp%2Fv2%2Ftags&post=3921"}],"curies":[{"name":"wp","href":"https:\/\/api.w.org\/{rel}","templated":true}]}}